{"id":872,"date":"2023-06-11T18:09:02","date_gmt":"2023-06-11T18:09:02","guid":{"rendered":"https:\/\/www.pohodovka.cz\/?p=872"},"modified":"2023-06-11T18:09:02","modified_gmt":"2023-06-11T18:09:02","slug":"bukova-u-pribrame","status":"publish","type":"post","link":"https:\/\/www.pohodovka.cz\/?p=872","title":{"rendered":"Bukov\u00e1 u P\u0159\u00edbram\u011b"},"content":{"rendered":"<p>10.\u010dervna jsme se vydali do Bukov\u00e9 u P\u0159\u00edbram\u011b podpo\u0159it na\u0161\u00edm vystoupen\u00edm oslavy&nbsp; m\u00edstn\u00edch hasi\u010d\u016f. Slavili 130 let od zalo\u017een\u00ed sboru.&nbsp; V\u0161echno za\u010dalo u\u017e v jednu hodinu po poledni na n\u00e1vsi u kapli\u010dky. Pan far\u00e1\u0159 po\u017eehnal prapory v\u0161ech p\u0159\u00edtomn\u00fdch hasi\u010dsk\u00fdch sbor\u016f, pop\u0159\u00e1l hasi\u010d\u016fm co nejm\u00e9n\u011b z\u00e1sah\u016f a tak\u00e9 \u00fasp\u011bchy v jejich po\u010d\u00edn\u00e1n\u00ed. T\u00edm je p\u0159edev\u0161\u00edm udr\u017eov\u00e1n\u00ed a v\u00fdchova \u010dlensk\u00e9 z\u00e1kladny a hasi\u010dsk\u00fd sport. Potom jsme zahr\u00e1li hymnu a slavnostn\u00ed pr\u016fvod se odebral pochodem na h\u0159i\u0161t\u011b. Pohodovka vyhr\u00e1vala do kroku. Tam oslavy pokra\u010dovaly. Nejprve p\u0159i\u0161ly na \u0159adu ofici\u00e1ln\u00ed proslovy a zdravice a potom u\u017e na\u0161e produkce. Hr\u00e1li jsme a\u017e do p\u016fl p\u00e1t\u00e9. Pivo teklo proudem, spousty dobr\u00e9ho j\u00eddla, uk\u00e1zky hasi\u010dsk\u00e9ho sportu i historick\u00fdch st\u0159\u00edka\u010dek. Nechyb\u011bly pou\u0165ov\u00e9 atrakce a k tomu v\u0161emu zn\u011bly z jevi\u0161t\u011b na\u0161e p\u00edsni\u010dky. Akce se vyda\u0159ila a proto\u017ee byl kapeln\u00edk n\u011bkolikr\u00e1t po\u017e\u00e1d\u00e1n o vizitku, tak jsme se ur\u010dit\u011b l\u00edbili i my.&nbsp; &nbsp; &nbsp; &nbsp; &nbsp; &nbsp; &nbsp; &nbsp; &nbsp; &nbsp; &nbsp; &nbsp; &nbsp; &nbsp; &nbsp; &nbsp; &nbsp; &nbsp; &nbsp; &nbsp; &nbsp; &nbsp; &nbsp; &nbsp; &nbsp; &nbsp; &nbsp; &nbsp; &nbsp; &nbsp; &nbsp; &nbsp; &nbsp; &nbsp; &nbsp; &nbsp; &nbsp; &nbsp; &nbsp; &nbsp; &nbsp; &nbsp; &nbsp; &nbsp; &nbsp; &nbsp; &nbsp; &nbsp; &nbsp; &nbsp; &nbsp; &nbsp; &nbsp; &nbsp; &nbsp; &nbsp; &nbsp; &nbsp; &nbsp; &nbsp; &nbsp; &nbsp; &nbsp; &nbsp; &nbsp; &nbsp; &nbsp; &nbsp; &nbsp; &nbsp; &nbsp; &nbsp; &nbsp; &nbsp; &nbsp; &nbsp; &nbsp; &nbsp; &nbsp; &nbsp; &nbsp; &nbsp; &nbsp; &nbsp; &nbsp; &nbsp; &nbsp; &nbsp; &nbsp; &nbsp; &nbsp; &nbsp; &nbsp; &nbsp; &nbsp; &nbsp; &nbsp; &nbsp; &nbsp; &nbsp; &nbsp; &nbsp; &nbsp; &nbsp; &nbsp; &nbsp; &nbsp; &nbsp; &nbsp; &nbsp; &nbsp; &nbsp; &nbsp; &nbsp; &nbsp; &nbsp; &nbsp; &nbsp; &nbsp; &nbsp; &nbsp; &nbsp; &nbsp; <em>(m)<\/em><\/p>\n","protected":false},"excerpt":{"rendered":"<p>10.\u010dervna jsme se vydali do Bukov\u00e9 u P\u0159\u00edbram\u011b podpo\u0159it na\u0161\u00edm vystoupen\u00edm oslavy&nbsp; m\u00edstn\u00edch hasi\u010d\u016f. Slavili 130 let od zalo\u017een\u00ed sboru.&nbsp; V\u0161echno za\u010dalo u\u017e v jednu hodinu po poledni na n\u00e1vsi u kapli\u010dky. Pan far\u00e1\u0159 po\u017eehnal prapory v\u0161ech p\u0159\u00edtomn\u00fdch hasi\u010dsk\u00fdch sbor\u016f, pop\u0159\u00e1l hasi\u010d\u016fm co nejm\u00e9n\u011b z\u00e1sah\u016f a tak\u00e9 \u00fasp\u011bchy v jejich po\u010d\u00edn\u00e1n\u00ed. T\u00edm je p\u0159edev\u0161\u00edm udr\u017eov\u00e1n\u00ed &hellip; <a href=\"https:\/\/www.pohodovka.cz\/?p=872\" class=\"more-link\">Pokra\u010dovat ve \u010dten\u00ed<span class=\"screen-reader-text\"> &#8222;Bukov\u00e1 u P\u0159\u00edbram\u011b&#8220;<\/span><\/a><\/p>\n","protected":false},"author":2,"featured_media":873,"comment_status":"open","ping_status":"open","sticky":false,"template":"","format":"standard","meta":{"ngg_post_thumbnail":0,"footnotes":""},"categories":[1],"tags":[],"class_list":["post-872","post","type-post","status-publish","format-standard","has-post-thumbnail","hentry","category-novinky"],"yoast_head":"<!-- This site is optimized with the Yoast SEO plugin v21.2 - https:\/\/yoast.com\/wordpress\/plugins\/seo\/ -->\n<title>Bukov\u00e1 u P\u0159\u00edbram\u011b &#8211; Stra\u0161ick\u00e1 Pohodovka<\/title>\n<meta name=\"robots\" content=\"index, follow, max-snippet:-1, max-image-preview:large, max-video-preview:-1\" \/>\n<link rel=\"canonical\" href=\"https:\/\/www.pohodovka.cz\/?p=872\" \/>\n<meta property=\"og:locale\" content=\"cs_CZ\" \/>\n<meta property=\"og:type\" content=\"article\" \/>\n<meta property=\"og:title\" content=\"Bukov\u00e1 u P\u0159\u00edbram\u011b &#8211; Stra\u0161ick\u00e1 Pohodovka\" \/>\n<meta property=\"og:description\" content=\"10.\u010dervna jsme se vydali do Bukov\u00e9 u P\u0159\u00edbram\u011b podpo\u0159it na\u0161\u00edm vystoupen\u00edm oslavy&nbsp; m\u00edstn\u00edch hasi\u010d\u016f. Slavili 130 let od zalo\u017een\u00ed sboru.&nbsp; V\u0161echno za\u010dalo u\u017e v jednu hodinu po poledni na n\u00e1vsi u kapli\u010dky. Pan far\u00e1\u0159 po\u017eehnal prapory v\u0161ech p\u0159\u00edtomn\u00fdch hasi\u010dsk\u00fdch sbor\u016f, pop\u0159\u00e1l hasi\u010d\u016fm co nejm\u00e9n\u011b z\u00e1sah\u016f a tak\u00e9 \u00fasp\u011bchy v jejich po\u010d\u00edn\u00e1n\u00ed. T\u00edm je p\u0159edev\u0161\u00edm udr\u017eov\u00e1n\u00ed &hellip; Pokra\u010dovat ve \u010dten\u00ed &quot;Bukov\u00e1 u P\u0159\u00edbram\u011b&quot;\" \/>\n<meta property=\"og:url\" content=\"https:\/\/www.pohodovka.cz\/?p=872\" \/>\n<meta property=\"og:site_name\" content=\"Stra\u0161ick\u00e1 Pohodovka\" \/>\n<meta property=\"article:publisher\" content=\"https:\/\/www.facebook.com\/Pohodovka-202107323139633\/\" \/>\n<meta property=\"article:published_time\" content=\"2023-06-11T18:09:02+00:00\" \/>\n<meta property=\"og:image\" content=\"https:\/\/www.pohodovka.cz\/wp-content\/uploads\/2023\/06\/IMG-20230611-WA0006.jpg\" \/>\n\t<meta property=\"og:image:width\" content=\"2000\" \/>\n\t<meta property=\"og:image:height\" content=\"1500\" \/>\n\t<meta property=\"og:image:type\" content=\"image\/jpeg\" \/>\n<meta name=\"author\" content=\"Stra\u0161ick\u00e1 Pohodovka\" \/>\n<meta name=\"twitter:card\" content=\"summary_large_image\" \/>\n<meta name=\"twitter:label1\" content=\"Napsal(a)\" \/>\n\t<meta name=\"twitter:data1\" content=\"Stra\u0161ick\u00e1 Pohodovka\" \/>\n\t<meta name=\"twitter:label2\" content=\"Odhadovan\u00e1 doba \u010dten\u00ed\" \/>\n\t<meta name=\"twitter:data2\" content=\"1 minuta\" \/>\n<script type=\"application\/ld+json\" class=\"yoast-schema-graph\">{\"@context\":\"https:\/\/schema.org\",\"@graph\":[{\"@type\":\"WebPage\",\"@id\":\"https:\/\/www.pohodovka.cz\/?p=872\",\"url\":\"https:\/\/www.pohodovka.cz\/?p=872\",\"name\":\"Bukov\u00e1 u P\u0159\u00edbram\u011b &#8211; Stra\u0161ick\u00e1 Pohodovka\",\"isPartOf\":{\"@id\":\"https:\/\/www.pohodovka.cz\/#website\"},\"datePublished\":\"2023-06-11T18:09:02+00:00\",\"dateModified\":\"2023-06-11T18:09:02+00:00\",\"author\":{\"@id\":\"https:\/\/www.pohodovka.cz\/#\/schema\/person\/3ea6244a8118878abd2355182e532ab3\"},\"breadcrumb\":{\"@id\":\"https:\/\/www.pohodovka.cz\/?p=872#breadcrumb\"},\"inLanguage\":\"cs\",\"potentialAction\":[{\"@type\":\"ReadAction\",\"target\":[\"https:\/\/www.pohodovka.cz\/?p=872\"]}]},{\"@type\":\"BreadcrumbList\",\"@id\":\"https:\/\/www.pohodovka.cz\/?p=872#breadcrumb\",\"itemListElement\":[{\"@type\":\"ListItem\",\"position\":1,\"name\":\"Dom\u016f\",\"item\":\"https:\/\/www.pohodovka.cz\/\"},{\"@type\":\"ListItem\",\"position\":2,\"name\":\"Bukov\u00e1 u P\u0159\u00edbram\u011b\"}]},{\"@type\":\"WebSite\",\"@id\":\"https:\/\/www.pohodovka.cz\/#website\",\"url\":\"https:\/\/www.pohodovka.cz\/\",\"name\":\"Stra\u0161ick\u00e1 Pohodovka\",\"description\":\"\",\"potentialAction\":[{\"@type\":\"SearchAction\",\"target\":{\"@type\":\"EntryPoint\",\"urlTemplate\":\"https:\/\/www.pohodovka.cz\/?s={search_term_string}\"},\"query-input\":\"required name=search_term_string\"}],\"inLanguage\":\"cs\"},{\"@type\":\"Person\",\"@id\":\"https:\/\/www.pohodovka.cz\/#\/schema\/person\/3ea6244a8118878abd2355182e532ab3\",\"name\":\"Stra\u0161ick\u00e1 Pohodovka\",\"image\":{\"@type\":\"ImageObject\",\"inLanguage\":\"cs\",\"@id\":\"https:\/\/www.pohodovka.cz\/#\/schema\/person\/image\/\",\"url\":\"https:\/\/secure.gravatar.com\/avatar\/e785cd57b9cf3c06372a9b2ad1ed33950798d50871d3cdc72d9cc521576c0691?s=96&d=mm&r=g\",\"contentUrl\":\"https:\/\/secure.gravatar.com\/avatar\/e785cd57b9cf3c06372a9b2ad1ed33950798d50871d3cdc72d9cc521576c0691?s=96&d=mm&r=g\",\"caption\":\"Stra\u0161ick\u00e1 Pohodovka\"},\"sameAs\":[\"http:\/\/pohodovka.cz\"]}]}<\/script>\n<!-- \/ Yoast SEO plugin. -->","yoast_head_json":{"title":"Bukov\u00e1 u P\u0159\u00edbram\u011b &#8211; Stra\u0161ick\u00e1 Pohodovka","robots":{"index":"index","follow":"follow","max-snippet":"max-snippet:-1","max-image-preview":"max-image-preview:large","max-video-preview":"max-video-preview:-1"},"canonical":"https:\/\/www.pohodovka.cz\/?p=872","og_locale":"cs_CZ","og_type":"article","og_title":"Bukov\u00e1 u P\u0159\u00edbram\u011b &#8211; Stra\u0161ick\u00e1 Pohodovka","og_description":"10.\u010dervna jsme se vydali do Bukov\u00e9 u P\u0159\u00edbram\u011b podpo\u0159it na\u0161\u00edm vystoupen\u00edm oslavy&nbsp; m\u00edstn\u00edch hasi\u010d\u016f. Slavili 130 let od zalo\u017een\u00ed sboru.&nbsp; V\u0161echno za\u010dalo u\u017e v jednu hodinu po poledni na n\u00e1vsi u kapli\u010dky. Pan far\u00e1\u0159 po\u017eehnal prapory v\u0161ech p\u0159\u00edtomn\u00fdch hasi\u010dsk\u00fdch sbor\u016f, pop\u0159\u00e1l hasi\u010d\u016fm co nejm\u00e9n\u011b z\u00e1sah\u016f a tak\u00e9 \u00fasp\u011bchy v jejich po\u010d\u00edn\u00e1n\u00ed. T\u00edm je p\u0159edev\u0161\u00edm udr\u017eov\u00e1n\u00ed &hellip; Pokra\u010dovat ve \u010dten\u00ed \"Bukov\u00e1 u P\u0159\u00edbram\u011b\"","og_url":"https:\/\/www.pohodovka.cz\/?p=872","og_site_name":"Stra\u0161ick\u00e1 Pohodovka","article_publisher":"https:\/\/www.facebook.com\/Pohodovka-202107323139633\/","article_published_time":"2023-06-11T18:09:02+00:00","og_image":[{"width":2000,"height":1500,"url":"https:\/\/www.pohodovka.cz\/wp-content\/uploads\/2023\/06\/IMG-20230611-WA0006.jpg","type":"image\/jpeg"}],"author":"Stra\u0161ick\u00e1 Pohodovka","twitter_card":"summary_large_image","twitter_misc":{"Napsal(a)":"Stra\u0161ick\u00e1 Pohodovka","Odhadovan\u00e1 doba \u010dten\u00ed":"1 minuta"},"schema":{"@context":"https:\/\/schema.org","@graph":[{"@type":"WebPage","@id":"https:\/\/www.pohodovka.cz\/?p=872","url":"https:\/\/www.pohodovka.cz\/?p=872","name":"Bukov\u00e1 u P\u0159\u00edbram\u011b &#8211; Stra\u0161ick\u00e1 Pohodovka","isPartOf":{"@id":"https:\/\/www.pohodovka.cz\/#website"},"datePublished":"2023-06-11T18:09:02+00:00","dateModified":"2023-06-11T18:09:02+00:00","author":{"@id":"https:\/\/www.pohodovka.cz\/#\/schema\/person\/3ea6244a8118878abd2355182e532ab3"},"breadcrumb":{"@id":"https:\/\/www.pohodovka.cz\/?p=872#breadcrumb"},"inLanguage":"cs","potentialAction":[{"@type":"ReadAction","target":["https:\/\/www.pohodovka.cz\/?p=872"]}]},{"@type":"BreadcrumbList","@id":"https:\/\/www.pohodovka.cz\/?p=872#breadcrumb","itemListElement":[{"@type":"ListItem","position":1,"name":"Dom\u016f","item":"https:\/\/www.pohodovka.cz\/"},{"@type":"ListItem","position":2,"name":"Bukov\u00e1 u P\u0159\u00edbram\u011b"}]},{"@type":"WebSite","@id":"https:\/\/www.pohodovka.cz\/#website","url":"https:\/\/www.pohodovka.cz\/","name":"Stra\u0161ick\u00e1 Pohodovka","description":"","potentialAction":[{"@type":"SearchAction","target":{"@type":"EntryPoint","urlTemplate":"https:\/\/www.pohodovka.cz\/?s={search_term_string}"},"query-input":"required name=search_term_string"}],"inLanguage":"cs"},{"@type":"Person","@id":"https:\/\/www.pohodovka.cz\/#\/schema\/person\/3ea6244a8118878abd2355182e532ab3","name":"Stra\u0161ick\u00e1 Pohodovka","image":{"@type":"ImageObject","inLanguage":"cs","@id":"https:\/\/www.pohodovka.cz\/#\/schema\/person\/image\/","url":"https:\/\/secure.gravatar.com\/avatar\/e785cd57b9cf3c06372a9b2ad1ed33950798d50871d3cdc72d9cc521576c0691?s=96&d=mm&r=g","contentUrl":"https:\/\/secure.gravatar.com\/avatar\/e785cd57b9cf3c06372a9b2ad1ed33950798d50871d3cdc72d9cc521576c0691?s=96&d=mm&r=g","caption":"Stra\u0161ick\u00e1 Pohodovka"},"sameAs":["http:\/\/pohodovka.cz"]}]}},"_links":{"self":[{"href":"https:\/\/www.pohodovka.cz\/index.php?rest_route=\/wp\/v2\/posts\/872","targetHints":{"allow":["GET"]}}],"collection":[{"href":"https:\/\/www.pohodovka.cz\/index.php?rest_route=\/wp\/v2\/posts"}],"about":[{"href":"https:\/\/www.pohodovka.cz\/index.php?rest_route=\/wp\/v2\/types\/post"}],"author":[{"embeddable":true,"href":"https:\/\/www.pohodovka.cz\/index.php?rest_route=\/wp\/v2\/users\/2"}],"replies":[{"embeddable":true,"href":"https:\/\/www.pohodovka.cz\/index.php?rest_route=%2Fwp%2Fv2%2Fcomments&post=872"}],"version-history":[{"count":3,"href":"https:\/\/www.pohodovka.cz\/index.php?rest_route=\/wp\/v2\/posts\/872\/revisions"}],"predecessor-version":[{"id":876,"href":"https:\/\/www.pohodovka.cz\/index.php?rest_route=\/wp\/v2\/posts\/872\/revisions\/876"}],"wp:featuredmedia":[{"embeddable":true,"href":"https:\/\/www.pohodovka.cz\/index.php?rest_route=\/wp\/v2\/media\/873"}],"wp:attachment":[{"href":"https:\/\/www.pohodovka.cz\/index.php?rest_route=%2Fwp%2Fv2%2Fmedia&parent=872"}],"wp:term":[{"taxonomy":"category","embeddable":true,"href":"https:\/\/www.pohodovka.cz\/index.php?rest_route=%2Fwp%2Fv2%2Fcategories&post=872"},{"taxonomy":"post_tag","embeddable":true,"href":"https:\/\/www.pohodovka.cz\/index.php?rest_route=%2Fwp%2Fv2%2Ftags&post=872"}],"curies":[{"name":"wp","href":"https:\/\/api.w.org\/{rel}","templated":true}]}}